{"id":1085,"date":"2024-04-22T05:50:22","date_gmt":"2024-04-22T05:50:22","guid":{"rendered":"https:\/\/paletscuerva.net\/?p=1085"},"modified":"2024-04-30T05:54:35","modified_gmt":"2024-04-30T05:54:35","slug":"la-evolucion-de-los-palets-un-viaje-a-traves-de-la-historia-de-la-logistica-y-el-transporte","status":"publish","type":"post","link":"https:\/\/paletscuerva.net\/ca\/la-evolucion-de-los-palets-un-viaje-a-traves-de-la-historia-de-la-logistica-y-el-transporte\/","title":{"rendered":"La Evoluci\u00f3n de los Palets : Un Viaje a Trav\u00e9s de la Historia de la Log\u00edstica y el Transporte"},"content":{"rendered":"<h2>Palets en Barcelona: un poco de historia<\/h2>\n<p>Desde los bulliciosos muelles del Puerto de Barcelona hasta los modernos centros de distribuci\u00f3n de la ciudad, los palets han sido testigos y protagonistas de la evoluci\u00f3n de la log\u00edstica y el transporte en la capital catalana. Acomp\u00e1\u00f1anos en este viaje a trav\u00e9s del tiempo para descubrir la fascinante historia de los <a href=\"https:\/\/paletscuerva.net\/ca\/servicios\/\"><strong>palets en Barcelona<\/strong><\/a>.<\/p>\n<h2>Los or\u00edgenes de los palets en Barcelona<\/h2>\n<p>Los or\u00edgenes de los palets se remontan a la Revoluci\u00f3n Industrial, cuando la necesidad de transportar mercanc\u00edas de manera eficiente impuls\u00f3 la creaci\u00f3n de soluciones innovadoras. En Barcelona, uno de los principales puertos del Mediterr\u00e1neo, los <strong>palets en Barcelona<\/strong> surgieron como una respuesta a la creciente demanda de agilizar los procesos de carga y descarga de barcos y trenes.<\/p>\n<p><img fetchpriority=\"high\" decoding=\"async\" class=\"aligncenter wp-image-1089 size-large\" src=\"https:\/\/paletscuerva.net\/wp-content\/uploads\/2024\/04\/uso-palets-1024x724.jpg\" alt=\"\" width=\"1024\" height=\"724\" srcset=\"https:\/\/paletscuerva.net\/wp-content\/uploads\/2024\/04\/uso-palets-1024x724.jpg 1024w, https:\/\/paletscuerva.net\/wp-content\/uploads\/2024\/04\/uso-palets-300x212.jpg 300w, https:\/\/paletscuerva.net\/wp-content\/uploads\/2024\/04\/uso-palets-768x543.jpg 768w, https:\/\/paletscuerva.net\/wp-content\/uploads\/2024\/04\/uso-palets-1536x1086.jpg 1536w, https:\/\/paletscuerva.net\/wp-content\/uploads\/2024\/04\/uso-palets-18x12.jpg 18w, https:\/\/paletscuerva.net\/wp-content\/uploads\/2024\/04\/uso-palets.jpg 2000w\" sizes=\"(max-width: 1024px) 100vw, 1024px\" \/><\/p>\n<h2>La Consolidaci\u00f3n de los palets en Barcelona\u00a0 como Est\u00e1ndar en la Log\u00edstica<\/h2>\n<p>Con el paso del tiempo, los <strong>palets en Barcelona <\/strong>se consolidaron como un est\u00e1ndar en la log\u00edstica y el transporte en Barcelona. Su dise\u00f1o modular y estandarizado facilit\u00f3 la manipulaci\u00f3n y el almacenamiento de mercanc\u00edas, permitiendo a las empresas optimizar sus operaciones y reducir los tiempos de entrega. Desde los almacenes hasta los centros de distribuci\u00f3n, los <strong>palets en Barcelona <\/strong>se convirtieron en piezas clave en la cadena de suministro de la ciudad.<\/p>\n<p>A medida que Barcelona se convert\u00eda en un centro log\u00edstico y comercial de primer orden, los <strong>palets en Barcelona <\/strong>evolucionaron para adaptarse a las demandas del mercado. La introducci\u00f3n de materiales m\u00e1s resistentes y ligeros, como el pl\u00e1stico y el aluminio, permiti\u00f3 mejorar la durabilidad y la maniobrabilidad de los palets, aumentando su eficiencia en entornos industriales y de transporte.<\/p>\n<p><img decoding=\"async\" class=\"aligncenter wp-image-1088 size-large\" src=\"https:\/\/paletscuerva.net\/wp-content\/uploads\/2024\/04\/palets-sant-cugat-1024x724.jpg\" alt=\"\" width=\"1024\" height=\"724\" srcset=\"https:\/\/paletscuerva.net\/wp-content\/uploads\/2024\/04\/palets-sant-cugat-1024x724.jpg 1024w, https:\/\/paletscuerva.net\/wp-content\/uploads\/2024\/04\/palets-sant-cugat-300x212.jpg 300w, https:\/\/paletscuerva.net\/wp-content\/uploads\/2024\/04\/palets-sant-cugat-768x543.jpg 768w, https:\/\/paletscuerva.net\/wp-content\/uploads\/2024\/04\/palets-sant-cugat-1536x1086.jpg 1536w, https:\/\/paletscuerva.net\/wp-content\/uploads\/2024\/04\/palets-sant-cugat-18x12.jpg 18w, https:\/\/paletscuerva.net\/wp-content\/uploads\/2024\/04\/palets-sant-cugat.jpg 2000w\" sizes=\"(max-width: 1024px) 100vw, 1024px\" \/><\/p>\n<h2>La Integraci\u00f3n en la Cadena de Suministro Global de los Palets en Barcelona<\/h2>\n<p>En el contexto de la globalizaci\u00f3n, Barcelona se posicion\u00f3 como un punto estrat\u00e9gico en la cadena de suministro global. Los <strong>palets en Barcelona <\/strong>jugaron un papel fundamental en esta integraci\u00f3n, facilitando el transporte de mercanc\u00edas desde y hacia la ciudad, as\u00ed como su distribuci\u00f3n en toda Europa y m\u00e1s all\u00e1. Su estandarizaci\u00f3n y versatilidad los convirtieron en herramientas indispensables para la expansi\u00f3n del comercio internacional.<\/p>\n<h2>Sostenibilidad y Reutilizaci\u00f3n de los palets en Barcelona<\/h2>\n<p>En la era actual, la sostenibilidad se ha convertido en una preocupaci\u00f3n central en la log\u00edstica y el transporte en Barcelona. Los palets, al ser reutilizables y reciclables, se han posicionado como una opci\u00f3n eco-friendly para las empresas que buscan reducir su huella ambiental. La promoci\u00f3n de pr\u00e1cticas de econom\u00eda circular y la adopci\u00f3n de <strong>palets en Barcelona<\/strong> reutilizados han contribuido a mitigar el impacto ambiental de las operaciones log\u00edsticas en la ciudad.<\/p>\n<p>En resumen, la historia de los <strong>palets en Barcelona<\/strong>es un reflejo de la evoluci\u00f3n de la log\u00edstica y el transporte en la ciudad a lo largo de los siglos. Desde sus humildes comienzos en la Revoluci\u00f3n Industrial hasta su papel actual como pilares de la cadena de suministro global, los palets han dejado una huella indeleble en el paisaje urbano y econ\u00f3mico de Barcelona. \u00a1Celebremos juntos su legado y su contribuci\u00f3n al desarrollo de la ciudad!<\/p>\n<p><img decoding=\"async\" class=\"aligncenter wp-image-1087 size-large\" src=\"https:\/\/paletscuerva.net\/wp-content\/uploads\/2024\/04\/palets-Sabadell-1-1024x724.jpg\" alt=\"\" width=\"1024\" height=\"724\" srcset=\"https:\/\/paletscuerva.net\/wp-content\/uploads\/2024\/04\/palets-Sabadell-1-1024x724.jpg 1024w, https:\/\/paletscuerva.net\/wp-content\/uploads\/2024\/04\/palets-Sabadell-1-300x212.jpg 300w, https:\/\/paletscuerva.net\/wp-content\/uploads\/2024\/04\/palets-Sabadell-1-768x543.jpg 768w, https:\/\/paletscuerva.net\/wp-content\/uploads\/2024\/04\/palets-Sabadell-1-1536x1086.jpg 1536w, https:\/\/paletscuerva.net\/wp-content\/uploads\/2024\/04\/palets-Sabadell-1-18x12.jpg 18w, https:\/\/paletscuerva.net\/wp-content\/uploads\/2024\/04\/palets-Sabadell-1.jpg 2000w\" sizes=\"(max-width: 1024px) 100vw, 1024px\" \/><\/p>","protected":false},"excerpt":{"rendered":"<p>Palets en Barcelona: un poco de historia Desde los bulliciosos muelles del Puerto de Barcelona hasta los modernos centros de distribuci\u00f3n de la ciudad, los palets han sido testigos y protagonistas de la evoluci\u00f3n de la log\u00edstica y el transporte en la capital catalana. Acomp\u00e1\u00f1anos en este viaje a trav\u00e9s del tiempo para descubrir la&hellip;&nbsp;<a href=\"https:\/\/paletscuerva.net\/ca\/la-evolucion-de-los-palets-un-viaje-a-traves-de-la-historia-de-la-logistica-y-el-transporte\/\" rel=\"bookmark\"><span class=\"screen-reader-text\">La Evoluci\u00f3n de los Palets : Un Viaje a Trav\u00e9s de la Historia de la Log\u00edstica y el Transporte<\/span><\/a><\/p>","protected":false},"author":1,"featured_media":1086,"comment_status":"open","ping_status":"open","sticky":false,"template":"","format":"standard","meta":{"neve_meta_sidebar":"","neve_meta_container":"","neve_meta_enable_content_width":"off","neve_meta_content_width":70,"neve_meta_title_alignment":"","neve_meta_author_avatar":"","neve_post_elements_order":"","neve_meta_disable_header":"","neve_meta_disable_footer":"","neve_meta_disable_title":"","neve_meta_reading_time":"","footnotes":""},"categories":[10],"tags":[29],"class_list":["post-1085","post","type-post","status-publish","format-standard","has-post-thumbnail","hentry","category-empresa-de-palets","tag-palets-en-barcelona"],"yoast_head":"<!-- This site is optimized with the Yoast SEO plugin v25.2 - https:\/\/yoast.com\/wordpress\/plugins\/seo\/ -->\n<title>La Evoluci\u00f3n de los Palets : Un Viaje a Trav\u00e9s de la Historia de la Log\u00edstica y el Transporte - Palets Cuerva<\/title>\n<meta name=\"robots\" content=\"index, follow, max-snippet:-1, max-image-preview:large, max-video-preview:-1\" \/>\n<link rel=\"canonical\" href=\"https:\/\/paletscuerva.net\/ca\/la-evolucion-de-los-palets-un-viaje-a-traves-de-la-historia-de-la-logistica-y-el-transporte\/\" \/>\n<meta property=\"og:locale\" content=\"ca_ES\" \/>\n<meta property=\"og:type\" content=\"article\" \/>\n<meta property=\"og:title\" content=\"La Evoluci\u00f3n de los Palets : Un Viaje a Trav\u00e9s de la Historia de la Log\u00edstica y el Transporte - Palets Cuerva\" \/>\n<meta property=\"og:description\" content=\"Palets en Barcelona: un poco de historia Desde los bulliciosos muelles del Puerto de Barcelona hasta los modernos centros de distribuci\u00f3n de la ciudad, los palets han sido testigos y protagonistas de la evoluci\u00f3n de la log\u00edstica y el transporte en la capital catalana. Acomp\u00e1\u00f1anos en este viaje a trav\u00e9s del tiempo para descubrir la&hellip;&nbsp;La Evoluci\u00f3n de los Palets : Un Viaje a Trav\u00e9s de la Historia de la Log\u00edstica y el Transporte\" \/>\n<meta property=\"og:url\" content=\"https:\/\/paletscuerva.net\/ca\/la-evolucion-de-los-palets-un-viaje-a-traves-de-la-historia-de-la-logistica-y-el-transporte\/\" \/>\n<meta property=\"og:site_name\" content=\"Palets Cuerva\" \/>\n<meta property=\"article:published_time\" content=\"2024-04-22T05:50:22+00:00\" \/>\n<meta property=\"article:modified_time\" content=\"2024-04-30T05:54:35+00:00\" \/>\n<meta property=\"og:image\" content=\"https:\/\/paletscuerva.net\/wp-content\/uploads\/2024\/04\/palets-barcelona-2.jpg\" \/>\n\t<meta property=\"og:image:width\" content=\"2000\" \/>\n\t<meta property=\"og:image:height\" content=\"1414\" \/>\n\t<meta property=\"og:image:type\" content=\"image\/jpeg\" \/>\n<meta name=\"author\" content=\"cuervapalet\" \/>\n<meta name=\"twitter:card\" content=\"summary_large_image\" \/>\n<meta name=\"twitter:label1\" content=\"Escrit per\" \/>\n\t<meta name=\"twitter:data1\" content=\"cuervapalet\" \/>\n\t<meta name=\"twitter:label2\" content=\"Temps estimat de lectura\" \/>\n\t<meta name=\"twitter:data2\" content=\"4 minuts\" \/>\n<script type=\"application\/ld+json\" class=\"yoast-schema-graph\">{\"@context\":\"https:\/\/schema.org\",\"@graph\":[{\"@type\":\"WebPage\",\"@id\":\"https:\/\/paletscuerva.net\/la-evolucion-de-los-palets-un-viaje-a-traves-de-la-historia-de-la-logistica-y-el-transporte\/\",\"url\":\"https:\/\/paletscuerva.net\/la-evolucion-de-los-palets-un-viaje-a-traves-de-la-historia-de-la-logistica-y-el-transporte\/\",\"name\":\"La Evoluci\u00f3n de los Palets : Un Viaje a Trav\u00e9s de la Historia de la Log\u00edstica y el Transporte - Palets Cuerva\",\"isPartOf\":{\"@id\":\"https:\/\/paletscuerva.net\/#website\"},\"primaryImageOfPage\":{\"@id\":\"https:\/\/paletscuerva.net\/la-evolucion-de-los-palets-un-viaje-a-traves-de-la-historia-de-la-logistica-y-el-transporte\/#primaryimage\"},\"image\":{\"@id\":\"https:\/\/paletscuerva.net\/la-evolucion-de-los-palets-un-viaje-a-traves-de-la-historia-de-la-logistica-y-el-transporte\/#primaryimage\"},\"thumbnailUrl\":\"https:\/\/paletscuerva.net\/wp-content\/uploads\/2024\/04\/palets-barcelona-2.jpg\",\"datePublished\":\"2024-04-22T05:50:22+00:00\",\"dateModified\":\"2024-04-30T05:54:35+00:00\",\"author\":{\"@id\":\"https:\/\/paletscuerva.net\/#\/schema\/person\/a400f42ce98b8bd27dab60ceb4840c08\"},\"breadcrumb\":{\"@id\":\"https:\/\/paletscuerva.net\/la-evolucion-de-los-palets-un-viaje-a-traves-de-la-historia-de-la-logistica-y-el-transporte\/#breadcrumb\"},\"inLanguage\":\"ca\",\"potentialAction\":[{\"@type\":\"ReadAction\",\"target\":[\"https:\/\/paletscuerva.net\/la-evolucion-de-los-palets-un-viaje-a-traves-de-la-historia-de-la-logistica-y-el-transporte\/\"]}]},{\"@type\":\"ImageObject\",\"inLanguage\":\"ca\",\"@id\":\"https:\/\/paletscuerva.net\/la-evolucion-de-los-palets-un-viaje-a-traves-de-la-historia-de-la-logistica-y-el-transporte\/#primaryimage\",\"url\":\"https:\/\/paletscuerva.net\/wp-content\/uploads\/2024\/04\/palets-barcelona-2.jpg\",\"contentUrl\":\"https:\/\/paletscuerva.net\/wp-content\/uploads\/2024\/04\/palets-barcelona-2.jpg\",\"width\":2000,\"height\":1414},{\"@type\":\"BreadcrumbList\",\"@id\":\"https:\/\/paletscuerva.net\/la-evolucion-de-los-palets-un-viaje-a-traves-de-la-historia-de-la-logistica-y-el-transporte\/#breadcrumb\",\"itemListElement\":[{\"@type\":\"ListItem\",\"position\":1,\"name\":\"Portada\",\"item\":\"https:\/\/paletscuerva.net\/\"},{\"@type\":\"ListItem\",\"position\":2,\"name\":\"La Evoluci\u00f3n de los Palets : Un Viaje a Trav\u00e9s de la Historia de la Log\u00edstica y el Transporte\"}]},{\"@type\":\"WebSite\",\"@id\":\"https:\/\/paletscuerva.net\/#website\",\"url\":\"https:\/\/paletscuerva.net\/\",\"name\":\"Palets Cuerva\",\"description\":\"Fabricaci\u00f3n, venta y restauraci\u00f3n de palets en Barcelona.\",\"potentialAction\":[{\"@type\":\"SearchAction\",\"target\":{\"@type\":\"EntryPoint\",\"urlTemplate\":\"https:\/\/paletscuerva.net\/?s={search_term_string}\"},\"query-input\":{\"@type\":\"PropertyValueSpecification\",\"valueRequired\":true,\"valueName\":\"search_term_string\"}}],\"inLanguage\":\"ca\"},{\"@type\":\"Person\",\"@id\":\"https:\/\/paletscuerva.net\/#\/schema\/person\/a400f42ce98b8bd27dab60ceb4840c08\",\"name\":\"cuervapalet\",\"image\":{\"@type\":\"ImageObject\",\"inLanguage\":\"ca\",\"@id\":\"https:\/\/paletscuerva.net\/#\/schema\/person\/image\/\",\"url\":\"https:\/\/secure.gravatar.com\/avatar\/ab10b60551e807f6b37d54bb09e40bc41b08e3828d46504634ad6f35da1b46dc?s=96&d=mm&r=g\",\"contentUrl\":\"https:\/\/secure.gravatar.com\/avatar\/ab10b60551e807f6b37d54bb09e40bc41b08e3828d46504634ad6f35da1b46dc?s=96&d=mm&r=g\",\"caption\":\"cuervapalet\"},\"sameAs\":[\"https:\/\/paletscuerva.net\"],\"url\":\"https:\/\/paletscuerva.net\/ca\/author\/cuervapalet\/\"}]}<\/script>\n<!-- \/ Yoast SEO plugin. -->","yoast_head_json":{"title":"La Evoluci\u00f3n de los Palets : Un Viaje a Trav\u00e9s de la Historia de la Log\u00edstica y el Transporte - Palets Cuerva","robots":{"index":"index","follow":"follow","max-snippet":"max-snippet:-1","max-image-preview":"max-image-preview:large","max-video-preview":"max-video-preview:-1"},"canonical":"https:\/\/paletscuerva.net\/ca\/la-evolucion-de-los-palets-un-viaje-a-traves-de-la-historia-de-la-logistica-y-el-transporte\/","og_locale":"ca_ES","og_type":"article","og_title":"La Evoluci\u00f3n de los Palets : Un Viaje a Trav\u00e9s de la Historia de la Log\u00edstica y el Transporte - Palets Cuerva","og_description":"Palets en Barcelona: un poco de historia Desde los bulliciosos muelles del Puerto de Barcelona hasta los modernos centros de distribuci\u00f3n de la ciudad, los palets han sido testigos y protagonistas de la evoluci\u00f3n de la log\u00edstica y el transporte en la capital catalana. Acomp\u00e1\u00f1anos en este viaje a trav\u00e9s del tiempo para descubrir la&hellip;&nbsp;La Evoluci\u00f3n de los Palets : Un Viaje a Trav\u00e9s de la Historia de la Log\u00edstica y el Transporte","og_url":"https:\/\/paletscuerva.net\/ca\/la-evolucion-de-los-palets-un-viaje-a-traves-de-la-historia-de-la-logistica-y-el-transporte\/","og_site_name":"Palets Cuerva","article_published_time":"2024-04-22T05:50:22+00:00","article_modified_time":"2024-04-30T05:54:35+00:00","og_image":[{"width":2000,"height":1414,"url":"https:\/\/paletscuerva.net\/wp-content\/uploads\/2024\/04\/palets-barcelona-2.jpg","type":"image\/jpeg"}],"author":"cuervapalet","twitter_card":"summary_large_image","twitter_misc":{"Escrit per":"cuervapalet","Temps estimat de lectura":"4 minuts"},"schema":{"@context":"https:\/\/schema.org","@graph":[{"@type":"WebPage","@id":"https:\/\/paletscuerva.net\/la-evolucion-de-los-palets-un-viaje-a-traves-de-la-historia-de-la-logistica-y-el-transporte\/","url":"https:\/\/paletscuerva.net\/la-evolucion-de-los-palets-un-viaje-a-traves-de-la-historia-de-la-logistica-y-el-transporte\/","name":"La Evoluci\u00f3n de los Palets : Un Viaje a Trav\u00e9s de la Historia de la Log\u00edstica y el Transporte - Palets Cuerva","isPartOf":{"@id":"https:\/\/paletscuerva.net\/#website"},"primaryImageOfPage":{"@id":"https:\/\/paletscuerva.net\/la-evolucion-de-los-palets-un-viaje-a-traves-de-la-historia-de-la-logistica-y-el-transporte\/#primaryimage"},"image":{"@id":"https:\/\/paletscuerva.net\/la-evolucion-de-los-palets-un-viaje-a-traves-de-la-historia-de-la-logistica-y-el-transporte\/#primaryimage"},"thumbnailUrl":"https:\/\/paletscuerva.net\/wp-content\/uploads\/2024\/04\/palets-barcelona-2.jpg","datePublished":"2024-04-22T05:50:22+00:00","dateModified":"2024-04-30T05:54:35+00:00","author":{"@id":"https:\/\/paletscuerva.net\/#\/schema\/person\/a400f42ce98b8bd27dab60ceb4840c08"},"breadcrumb":{"@id":"https:\/\/paletscuerva.net\/la-evolucion-de-los-palets-un-viaje-a-traves-de-la-historia-de-la-logistica-y-el-transporte\/#breadcrumb"},"inLanguage":"ca","potentialAction":[{"@type":"ReadAction","target":["https:\/\/paletscuerva.net\/la-evolucion-de-los-palets-un-viaje-a-traves-de-la-historia-de-la-logistica-y-el-transporte\/"]}]},{"@type":"ImageObject","inLanguage":"ca","@id":"https:\/\/paletscuerva.net\/la-evolucion-de-los-palets-un-viaje-a-traves-de-la-historia-de-la-logistica-y-el-transporte\/#primaryimage","url":"https:\/\/paletscuerva.net\/wp-content\/uploads\/2024\/04\/palets-barcelona-2.jpg","contentUrl":"https:\/\/paletscuerva.net\/wp-content\/uploads\/2024\/04\/palets-barcelona-2.jpg","width":2000,"height":1414},{"@type":"BreadcrumbList","@id":"https:\/\/paletscuerva.net\/la-evolucion-de-los-palets-un-viaje-a-traves-de-la-historia-de-la-logistica-y-el-transporte\/#breadcrumb","itemListElement":[{"@type":"ListItem","position":1,"name":"Portada","item":"https:\/\/paletscuerva.net\/"},{"@type":"ListItem","position":2,"name":"La Evoluci\u00f3n de los Palets : Un Viaje a Trav\u00e9s de la Historia de la Log\u00edstica y el Transporte"}]},{"@type":"WebSite","@id":"https:\/\/paletscuerva.net\/#website","url":"https:\/\/paletscuerva.net\/","name":"Palets Cuerva","description":"Fabricaci\u00f3n, venta y restauraci\u00f3n de palets en Barcelona.","potentialAction":[{"@type":"SearchAction","target":{"@type":"EntryPoint","urlTemplate":"https:\/\/paletscuerva.net\/?s={search_term_string}"},"query-input":{"@type":"PropertyValueSpecification","valueRequired":true,"valueName":"search_term_string"}}],"inLanguage":"ca"},{"@type":"Person","@id":"https:\/\/paletscuerva.net\/#\/schema\/person\/a400f42ce98b8bd27dab60ceb4840c08","name":"cuervapalet","image":{"@type":"ImageObject","inLanguage":"ca","@id":"https:\/\/paletscuerva.net\/#\/schema\/person\/image\/","url":"https:\/\/secure.gravatar.com\/avatar\/ab10b60551e807f6b37d54bb09e40bc41b08e3828d46504634ad6f35da1b46dc?s=96&d=mm&r=g","contentUrl":"https:\/\/secure.gravatar.com\/avatar\/ab10b60551e807f6b37d54bb09e40bc41b08e3828d46504634ad6f35da1b46dc?s=96&d=mm&r=g","caption":"cuervapalet"},"sameAs":["https:\/\/paletscuerva.net"],"url":"https:\/\/paletscuerva.net\/ca\/author\/cuervapalet\/"}]}},"_links":{"self":[{"href":"https:\/\/paletscuerva.net\/ca\/wp-json\/wp\/v2\/posts\/1085","targetHints":{"allow":["GET"]}}],"collection":[{"href":"https:\/\/paletscuerva.net\/ca\/wp-json\/wp\/v2\/posts"}],"about":[{"href":"https:\/\/paletscuerva.net\/ca\/wp-json\/wp\/v2\/types\/post"}],"author":[{"embeddable":true,"href":"https:\/\/paletscuerva.net\/ca\/wp-json\/wp\/v2\/users\/1"}],"replies":[{"embeddable":true,"href":"https:\/\/paletscuerva.net\/ca\/wp-json\/wp\/v2\/comments?post=1085"}],"version-history":[{"count":1,"href":"https:\/\/paletscuerva.net\/ca\/wp-json\/wp\/v2\/posts\/1085\/revisions"}],"predecessor-version":[{"id":1090,"href":"https:\/\/paletscuerva.net\/ca\/wp-json\/wp\/v2\/posts\/1085\/revisions\/1090"}],"wp:featuredmedia":[{"embeddable":true,"href":"https:\/\/paletscuerva.net\/ca\/wp-json\/wp\/v2\/media\/1086"}],"wp:attachment":[{"href":"https:\/\/paletscuerva.net\/ca\/wp-json\/wp\/v2\/media?parent=1085"}],"wp:term":[{"taxonomy":"category","embeddable":true,"href":"https:\/\/paletscuerva.net\/ca\/wp-json\/wp\/v2\/categories?post=1085"},{"taxonomy":"post_tag","embeddable":true,"href":"https:\/\/paletscuerva.net\/ca\/wp-json\/wp\/v2\/tags?post=1085"}],"curies":[{"name":"wp","href":"https:\/\/api.w.org\/{rel}","templated":true}]}}