{"id":1186,"date":"2024-07-23T11:29:20","date_gmt":"2024-07-23T11:29:20","guid":{"rendered":"https:\/\/paletscuerva.net\/?p=1186"},"modified":"2024-07-23T11:29:20","modified_gmt":"2024-07-23T11:29:20","slug":"como-el-tamano-y-la-carga-afectan-la-fabricacion-de-palets","status":"publish","type":"post","link":"https:\/\/paletscuerva.net\/ca\/como-el-tamano-y-la-carga-afectan-la-fabricacion-de-palets\/","title":{"rendered":"C\u00f3mo el tama\u00f1o y la carga afectan la fabricaci\u00f3n de palets"},"content":{"rendered":"<div class=\"flex flex-grow flex-col max-w-full\">\n<div class=\"min-h-[20px] text-message flex w-full flex-col items-end gap-2 whitespace-pre-wrap break-words [.text-message+&amp;]:mt-5 overflow-x-auto\" dir=\"auto\" data-message-author-role=\"assistant\" data-message-id=\"a34e1836-5082-4fdd-b6e5-fe89e5fd1724\">\n<div class=\"flex w-full flex-col gap-1 empty:hidden first:pt-[3px]\">\n<div class=\"markdown prose w-full break-words dark:prose-invert light\">\n<h2><strong>Entender la influencia del tama\u00f1o y la carga en la fabricaci\u00f3n de palets en Barcelona<\/strong><\/h2>\n<p>La fabricaci\u00f3n de palets es una industria fundamental para la log\u00edstica y el transporte de mercanc\u00edas. El tama\u00f1o y la carga que los palets deben soportar juegan un papel crucial en su dise\u00f1o y fabricaci\u00f3n. Si est\u00e1s involucrado en la <a href=\"https:\/\/paletscuerva.net\/ca\/servicios\/#fabricacion\"><strong>fabricaci\u00f3n de palets en Barcelona<\/strong><\/a> o simplemente interesado en c\u00f3mo estas variables afectan el proceso, este art\u00edculo te proporcionar\u00e1 una visi\u00f3n detallada sobre c\u00f3mo el tama\u00f1o y la carga impactan la producci\u00f3n de palets.<\/p>\n<p><img fetchpriority=\"high\" decoding=\"async\" class=\"size-full wp-image-1187 aligncenter\" src=\"https:\/\/paletscuerva.net\/wp-content\/uploads\/2024\/07\/fabricacion-de-palets-en-Barcelona.jpg\" alt=\"\" width=\"900\" height=\"600\" srcset=\"https:\/\/paletscuerva.net\/wp-content\/uploads\/2024\/07\/fabricacion-de-palets-en-Barcelona.jpg 900w, https:\/\/paletscuerva.net\/wp-content\/uploads\/2024\/07\/fabricacion-de-palets-en-Barcelona-300x200.jpg 300w, https:\/\/paletscuerva.net\/wp-content\/uploads\/2024\/07\/fabricacion-de-palets-en-Barcelona-768x512.jpg 768w, https:\/\/paletscuerva.net\/wp-content\/uploads\/2024\/07\/fabricacion-de-palets-en-Barcelona-18x12.jpg 18w\" sizes=\"(max-width: 900px) 100vw, 900px\" \/><\/p>\n<h3>1. <strong>Influencia del tama\u00f1o en la fabricaci\u00f3n de palets<\/strong><\/h3>\n<p>El tama\u00f1o de los palets es una consideraci\u00f3n clave en su fabricaci\u00f3n. Existen varios tama\u00f1os est\u00e1ndar, como el palet europeo (1200 x 800 mm) y el palet americano (1200 x 1000 mm), pero tambi\u00e9n se pueden fabricar palets a medida para satisfacer necesidades espec\u00edficas. Aqu\u00ed te mostramos c\u00f3mo el tama\u00f1o afecta el proceso de fabricaci\u00f3n:<\/p>\n<p><strong>a. Materiales y costos<\/strong><br \/>\nEl tama\u00f1o del palet influye directamente en los materiales necesarios para su construcci\u00f3n. Los palets m\u00e1s grandes requieren m\u00e1s madera, pl\u00e1stico o metal, lo que incrementa los costos de material. Adem\u00e1s, el proceso de fabricaci\u00f3n puede ser m\u00e1s complejo y costoso debido al aumento en el consumo de recursos y tiempo de producci\u00f3n.<\/p>\n<p><strong>b. Dise\u00f1o y estructura<\/strong><br \/>\nEl tama\u00f1o del palet tambi\u00e9n determina su dise\u00f1o y estructura. Los palets m\u00e1s grandes necesitan una mayor cantidad de soportes y refuerzos para garantizar su estabilidad y capacidad de carga. En la <strong>fabricaci\u00f3n de palets en Barcelona<\/strong>, los dise\u00f1adores deben ajustar los patrones de ensamblaje y la disposici\u00f3n de los refuerzos para adaptarse a los tama\u00f1os espec\u00edficos y asegurar que los palets sean funcionales y seguros.<\/p>\n<p><strong>c. Manipulaci\u00f3n y transporte<\/strong><br \/>\nLos palets de mayor tama\u00f1o pueden ser m\u00e1s dif\u00edciles de manejar y transportar. Las empresas de <strong>fabricaci\u00f3n de palets en Barcelona<\/strong> deben considerar las implicaciones log\u00edsticas al dise\u00f1ar palets grandes, asegurando que sean compatibles con el equipo de manejo y transporte disponible.<\/p>\n<p><img decoding=\"async\" class=\"size-full wp-image-1188 aligncenter\" src=\"https:\/\/paletscuerva.net\/wp-content\/uploads\/2024\/07\/fabricacion-de-palets-en-Barcelona-1.jpg\" alt=\"\" width=\"900\" height=\"600\" srcset=\"https:\/\/paletscuerva.net\/wp-content\/uploads\/2024\/07\/fabricacion-de-palets-en-Barcelona-1.jpg 900w, https:\/\/paletscuerva.net\/wp-content\/uploads\/2024\/07\/fabricacion-de-palets-en-Barcelona-1-300x200.jpg 300w, https:\/\/paletscuerva.net\/wp-content\/uploads\/2024\/07\/fabricacion-de-palets-en-Barcelona-1-768x512.jpg 768w, https:\/\/paletscuerva.net\/wp-content\/uploads\/2024\/07\/fabricacion-de-palets-en-Barcelona-1-18x12.jpg 18w\" sizes=\"(max-width: 900px) 100vw, 900px\" \/><\/p>\n<h3>2. <strong>Efecto de la carga en la fabricaci\u00f3n de palets<\/strong><\/h3>\n<p>La capacidad de carga de un palet es otro factor cr\u00edtico en su fabricaci\u00f3n. La carga m\u00e1xima que un palet puede soportar determina los materiales y el dise\u00f1o necesarios para garantizar su durabilidad y seguridad:<\/p>\n<p><strong>a. Selecci\u00f3n de materiales<\/strong><br \/>\nPara soportar cargas pesadas, se requieren materiales m\u00e1s resistentes. En la <strong>fabricaci\u00f3n de palets en Barcelona<\/strong>, los palets dise\u00f1ados para cargas elevadas a menudo utilizan madera de alta calidad, pl\u00e1sticos reforzados o metales duraderos. La elecci\u00f3n de materiales adecuados es esencial para evitar fallos estructurales y garantizar la seguridad durante el transporte y almacenamiento.<\/p>\n<p><strong>b. Dise\u00f1o estructural<\/strong><br \/>\nEl dise\u00f1o estructural del palet debe ajustarse en funci\u00f3n de la carga que debe soportar. Los palets destinados a cargas pesadas pueden necesitar refuerzos adicionales y un dise\u00f1o de estructura m\u00e1s robusto. Esto incluye el uso de vigas y soportes adicionales, as\u00ed como una mayor densidad en la disposici\u00f3n de los tablones. Los ingenieros en la fabricaci\u00f3n de palets\u00a0deben calcular cuidadosamente estos elementos para garantizar que los palets puedan manejar las cargas especificadas sin comprometer su integridad.<\/p>\n<p><strong>c. Pruebas y certificaci\u00f3n<\/strong><br \/>\nLos palets destinados a soportar cargas pesadas a menudo requieren pruebas y certificaci\u00f3n para asegurar que cumplen con las normas de seguridad. En Barcelona, los fabricantes realizan pruebas rigurosas para verificar la capacidad de carga de sus palets y garantizar que cumplan con los est\u00e1ndares internacionales y locales. Estas pruebas aseguran que los palets puedan soportar las cargas especificadas sin riesgo de fallos.<\/p>\n<h3>3. <strong>Consideraciones adicionales en la fabricaci\u00f3n<\/strong><\/h3>\n<p>Adem\u00e1s del tama\u00f1o y la carga, otros factores tambi\u00e9n influyen en la fabricaci\u00f3n de palets. Estos incluyen el tipo de carga que se transportar\u00e1 (carga pesada, fr\u00e1gil, etc.), las condiciones ambientales a las que estar\u00e1n expuestos los palets, y los requisitos espec\u00edficos de la industria. Los fabricantes en Barcelona deben tener en cuenta todos estos factores para dise\u00f1ar palets que sean efectivos y eficientes para sus clientes.<\/p>\n<h3><img decoding=\"async\" class=\"size-full wp-image-1190 aligncenter\" src=\"https:\/\/paletscuerva.net\/wp-content\/uploads\/2024\/07\/fabricacion-de-palets-en-Barcelona-3.jpg\" alt=\"\" width=\"900\" height=\"600\" srcset=\"https:\/\/paletscuerva.net\/wp-content\/uploads\/2024\/07\/fabricacion-de-palets-en-Barcelona-3.jpg 900w, https:\/\/paletscuerva.net\/wp-content\/uploads\/2024\/07\/fabricacion-de-palets-en-Barcelona-3-300x200.jpg 300w, https:\/\/paletscuerva.net\/wp-content\/uploads\/2024\/07\/fabricacion-de-palets-en-Barcelona-3-768x512.jpg 768w, https:\/\/paletscuerva.net\/wp-content\/uploads\/2024\/07\/fabricacion-de-palets-en-Barcelona-3-18x12.jpg 18w\" sizes=\"(max-width: 900px) 100vw, 900px\" \/><\/h3>\n<p>El tama\u00f1o y la carga son factores cruciales que afectan la <strong>fabricaci\u00f3n de palets en Barcelona<\/strong>. La elecci\u00f3n del tama\u00f1o adecuado y la capacidad de carga influye en los materiales utilizados, el dise\u00f1o estructural y los costos asociados con la fabricaci\u00f3n. Al comprender estas influencias, los fabricantes pueden crear palets que sean seguros, duraderos y adecuados para las necesidades espec\u00edficas de sus clientes. Adaptarse a estos desaf\u00edos y considerar todos los factores relevantes asegura que los palets sean funcionales y eficaces en su uso diario.<\/p>\n<\/div>\n<\/div>\n<\/div>\n<\/div>","protected":false},"excerpt":{"rendered":"<p>Entender la influencia del tama\u00f1o y la carga en la fabricaci\u00f3n de palets en Barcelona La fabricaci\u00f3n de palets es una industria fundamental para la log\u00edstica y el transporte de mercanc\u00edas. El tama\u00f1o y la carga que los palets deben soportar juegan un papel crucial en su dise\u00f1o y fabricaci\u00f3n. Si est\u00e1s involucrado en la&hellip;&nbsp;<a href=\"https:\/\/paletscuerva.net\/ca\/como-el-tamano-y-la-carga-afectan-la-fabricacion-de-palets\/\" rel=\"bookmark\"><span class=\"screen-reader-text\">C\u00f3mo el tama\u00f1o y la carga afectan la fabricaci\u00f3n de palets<\/span><\/a><\/p>","protected":false},"author":1,"featured_media":1189,"comment_status":"open","ping_status":"open","sticky":false,"template":"","format":"standard","meta":{"neve_meta_sidebar":"","neve_meta_container":"","neve_meta_enable_content_width":"off","neve_meta_content_width":70,"neve_meta_title_alignment":"","neve_meta_author_avatar":"","neve_post_elements_order":"","neve_meta_disable_header":"","neve_meta_disable_footer":"","neve_meta_disable_title":"","neve_meta_reading_time":"","footnotes":""},"categories":[7],"tags":[31],"class_list":["post-1186","post","type-post","status-publish","format-standard","has-post-thumbnail","hentry","category-fabricacion-de-palets","tag-fabricacion-de-palets-en-barcelona"],"yoast_head":"<!-- This site is optimized with the Yoast SEO plugin v25.2 - https:\/\/yoast.com\/wordpress\/plugins\/seo\/ -->\n<title>C\u00f3mo el tama\u00f1o y la carga afectan la fabricaci\u00f3n de palets - Palets Cuerva<\/title>\n<meta name=\"description\" content=\"Descubre c\u00f3mo el tama\u00f1o y la carga influyen en la fabricaci\u00f3n de palets en Barcelona, optimizando dise\u00f1o, materiales y costos.\" \/>\n<meta name=\"robots\" content=\"index, follow, max-snippet:-1, max-image-preview:large, max-video-preview:-1\" \/>\n<link rel=\"canonical\" href=\"https:\/\/paletscuerva.net\/ca\/como-el-tamano-y-la-carga-afectan-la-fabricacion-de-palets\/\" \/>\n<meta property=\"og:locale\" content=\"ca_ES\" \/>\n<meta property=\"og:type\" content=\"article\" \/>\n<meta property=\"og:title\" content=\"C\u00f3mo el tama\u00f1o y la carga afectan la fabricaci\u00f3n de palets - Palets Cuerva\" \/>\n<meta property=\"og:description\" content=\"Descubre c\u00f3mo el tama\u00f1o y la carga influyen en la fabricaci\u00f3n de palets en Barcelona, optimizando dise\u00f1o, materiales y costos.\" \/>\n<meta property=\"og:url\" content=\"https:\/\/paletscuerva.net\/ca\/como-el-tamano-y-la-carga-afectan-la-fabricacion-de-palets\/\" \/>\n<meta property=\"og:site_name\" content=\"Palets Cuerva\" \/>\n<meta property=\"article:published_time\" content=\"2024-07-23T11:29:20+00:00\" \/>\n<meta property=\"og:image\" content=\"https:\/\/paletscuerva.net\/wp-content\/uploads\/2024\/07\/fabricacion-de-palets-en-Barcelona-2.jpg\" \/>\n\t<meta property=\"og:image:width\" content=\"900\" \/>\n\t<meta property=\"og:image:height\" content=\"600\" \/>\n\t<meta property=\"og:image:type\" content=\"image\/jpeg\" \/>\n<meta name=\"author\" content=\"cuervapalet\" \/>\n<meta name=\"twitter:card\" content=\"summary_large_image\" \/>\n<meta name=\"twitter:label1\" content=\"Escrit per\" \/>\n\t<meta name=\"twitter:data1\" content=\"cuervapalet\" \/>\n\t<meta name=\"twitter:label2\" content=\"Temps estimat de lectura\" \/>\n\t<meta name=\"twitter:data2\" content=\"5 minuts\" \/>\n<script type=\"application\/ld+json\" class=\"yoast-schema-graph\">{\"@context\":\"https:\/\/schema.org\",\"@graph\":[{\"@type\":\"WebPage\",\"@id\":\"https:\/\/paletscuerva.net\/como-el-tamano-y-la-carga-afectan-la-fabricacion-de-palets\/\",\"url\":\"https:\/\/paletscuerva.net\/como-el-tamano-y-la-carga-afectan-la-fabricacion-de-palets\/\",\"name\":\"C\u00f3mo el tama\u00f1o y la carga afectan la fabricaci\u00f3n de palets - Palets Cuerva\",\"isPartOf\":{\"@id\":\"https:\/\/paletscuerva.net\/#website\"},\"primaryImageOfPage\":{\"@id\":\"https:\/\/paletscuerva.net\/como-el-tamano-y-la-carga-afectan-la-fabricacion-de-palets\/#primaryimage\"},\"image\":{\"@id\":\"https:\/\/paletscuerva.net\/como-el-tamano-y-la-carga-afectan-la-fabricacion-de-palets\/#primaryimage\"},\"thumbnailUrl\":\"https:\/\/paletscuerva.net\/wp-content\/uploads\/2024\/07\/fabricacion-de-palets-en-Barcelona-2.jpg\",\"datePublished\":\"2024-07-23T11:29:20+00:00\",\"author\":{\"@id\":\"https:\/\/paletscuerva.net\/#\/schema\/person\/a400f42ce98b8bd27dab60ceb4840c08\"},\"description\":\"Descubre c\u00f3mo el tama\u00f1o y la carga influyen en la fabricaci\u00f3n de palets en Barcelona, optimizando dise\u00f1o, materiales y costos.\",\"breadcrumb\":{\"@id\":\"https:\/\/paletscuerva.net\/como-el-tamano-y-la-carga-afectan-la-fabricacion-de-palets\/#breadcrumb\"},\"inLanguage\":\"ca\",\"potentialAction\":[{\"@type\":\"ReadAction\",\"target\":[\"https:\/\/paletscuerva.net\/como-el-tamano-y-la-carga-afectan-la-fabricacion-de-palets\/\"]}]},{\"@type\":\"ImageObject\",\"inLanguage\":\"ca\",\"@id\":\"https:\/\/paletscuerva.net\/como-el-tamano-y-la-carga-afectan-la-fabricacion-de-palets\/#primaryimage\",\"url\":\"https:\/\/paletscuerva.net\/wp-content\/uploads\/2024\/07\/fabricacion-de-palets-en-Barcelona-2.jpg\",\"contentUrl\":\"https:\/\/paletscuerva.net\/wp-content\/uploads\/2024\/07\/fabricacion-de-palets-en-Barcelona-2.jpg\",\"width\":900,\"height\":600},{\"@type\":\"BreadcrumbList\",\"@id\":\"https:\/\/paletscuerva.net\/como-el-tamano-y-la-carga-afectan-la-fabricacion-de-palets\/#breadcrumb\",\"itemListElement\":[{\"@type\":\"ListItem\",\"position\":1,\"name\":\"Portada\",\"item\":\"https:\/\/paletscuerva.net\/\"},{\"@type\":\"ListItem\",\"position\":2,\"name\":\"C\u00f3mo el tama\u00f1o y la carga afectan la fabricaci\u00f3n de palets\"}]},{\"@type\":\"WebSite\",\"@id\":\"https:\/\/paletscuerva.net\/#website\",\"url\":\"https:\/\/paletscuerva.net\/\",\"name\":\"Palets Cuerva\",\"description\":\"Fabricaci\u00f3n, venta y restauraci\u00f3n de palets en Barcelona.\",\"potentialAction\":[{\"@type\":\"SearchAction\",\"target\":{\"@type\":\"EntryPoint\",\"urlTemplate\":\"https:\/\/paletscuerva.net\/?s={search_term_string}\"},\"query-input\":{\"@type\":\"PropertyValueSpecification\",\"valueRequired\":true,\"valueName\":\"search_term_string\"}}],\"inLanguage\":\"ca\"},{\"@type\":\"Person\",\"@id\":\"https:\/\/paletscuerva.net\/#\/schema\/person\/a400f42ce98b8bd27dab60ceb4840c08\",\"name\":\"cuervapalet\",\"image\":{\"@type\":\"ImageObject\",\"inLanguage\":\"ca\",\"@id\":\"https:\/\/paletscuerva.net\/#\/schema\/person\/image\/\",\"url\":\"https:\/\/secure.gravatar.com\/avatar\/ab10b60551e807f6b37d54bb09e40bc41b08e3828d46504634ad6f35da1b46dc?s=96&d=mm&r=g\",\"contentUrl\":\"https:\/\/secure.gravatar.com\/avatar\/ab10b60551e807f6b37d54bb09e40bc41b08e3828d46504634ad6f35da1b46dc?s=96&d=mm&r=g\",\"caption\":\"cuervapalet\"},\"sameAs\":[\"https:\/\/paletscuerva.net\"],\"url\":\"https:\/\/paletscuerva.net\/ca\/author\/cuervapalet\/\"}]}<\/script>\n<!-- \/ Yoast SEO plugin. -->","yoast_head_json":{"title":"C\u00f3mo el tama\u00f1o y la carga afectan la fabricaci\u00f3n de palets - Palets Cuerva","description":"Descubre c\u00f3mo el tama\u00f1o y la carga influyen en la fabricaci\u00f3n de palets en Barcelona, optimizando dise\u00f1o, materiales y costos.","robots":{"index":"index","follow":"follow","max-snippet":"max-snippet:-1","max-image-preview":"max-image-preview:large","max-video-preview":"max-video-preview:-1"},"canonical":"https:\/\/paletscuerva.net\/ca\/como-el-tamano-y-la-carga-afectan-la-fabricacion-de-palets\/","og_locale":"ca_ES","og_type":"article","og_title":"C\u00f3mo el tama\u00f1o y la carga afectan la fabricaci\u00f3n de palets - Palets Cuerva","og_description":"Descubre c\u00f3mo el tama\u00f1o y la carga influyen en la fabricaci\u00f3n de palets en Barcelona, optimizando dise\u00f1o, materiales y costos.","og_url":"https:\/\/paletscuerva.net\/ca\/como-el-tamano-y-la-carga-afectan-la-fabricacion-de-palets\/","og_site_name":"Palets Cuerva","article_published_time":"2024-07-23T11:29:20+00:00","og_image":[{"width":900,"height":600,"url":"https:\/\/paletscuerva.net\/wp-content\/uploads\/2024\/07\/fabricacion-de-palets-en-Barcelona-2.jpg","type":"image\/jpeg"}],"author":"cuervapalet","twitter_card":"summary_large_image","twitter_misc":{"Escrit per":"cuervapalet","Temps estimat de lectura":"5 minuts"},"schema":{"@context":"https:\/\/schema.org","@graph":[{"@type":"WebPage","@id":"https:\/\/paletscuerva.net\/como-el-tamano-y-la-carga-afectan-la-fabricacion-de-palets\/","url":"https:\/\/paletscuerva.net\/como-el-tamano-y-la-carga-afectan-la-fabricacion-de-palets\/","name":"C\u00f3mo el tama\u00f1o y la carga afectan la fabricaci\u00f3n de palets - Palets Cuerva","isPartOf":{"@id":"https:\/\/paletscuerva.net\/#website"},"primaryImageOfPage":{"@id":"https:\/\/paletscuerva.net\/como-el-tamano-y-la-carga-afectan-la-fabricacion-de-palets\/#primaryimage"},"image":{"@id":"https:\/\/paletscuerva.net\/como-el-tamano-y-la-carga-afectan-la-fabricacion-de-palets\/#primaryimage"},"thumbnailUrl":"https:\/\/paletscuerva.net\/wp-content\/uploads\/2024\/07\/fabricacion-de-palets-en-Barcelona-2.jpg","datePublished":"2024-07-23T11:29:20+00:00","author":{"@id":"https:\/\/paletscuerva.net\/#\/schema\/person\/a400f42ce98b8bd27dab60ceb4840c08"},"description":"Descubre c\u00f3mo el tama\u00f1o y la carga influyen en la fabricaci\u00f3n de palets en Barcelona, optimizando dise\u00f1o, materiales y costos.","breadcrumb":{"@id":"https:\/\/paletscuerva.net\/como-el-tamano-y-la-carga-afectan-la-fabricacion-de-palets\/#breadcrumb"},"inLanguage":"ca","potentialAction":[{"@type":"ReadAction","target":["https:\/\/paletscuerva.net\/como-el-tamano-y-la-carga-afectan-la-fabricacion-de-palets\/"]}]},{"@type":"ImageObject","inLanguage":"ca","@id":"https:\/\/paletscuerva.net\/como-el-tamano-y-la-carga-afectan-la-fabricacion-de-palets\/#primaryimage","url":"https:\/\/paletscuerva.net\/wp-content\/uploads\/2024\/07\/fabricacion-de-palets-en-Barcelona-2.jpg","contentUrl":"https:\/\/paletscuerva.net\/wp-content\/uploads\/2024\/07\/fabricacion-de-palets-en-Barcelona-2.jpg","width":900,"height":600},{"@type":"BreadcrumbList","@id":"https:\/\/paletscuerva.net\/como-el-tamano-y-la-carga-afectan-la-fabricacion-de-palets\/#breadcrumb","itemListElement":[{"@type":"ListItem","position":1,"name":"Portada","item":"https:\/\/paletscuerva.net\/"},{"@type":"ListItem","position":2,"name":"C\u00f3mo el tama\u00f1o y la carga afectan la fabricaci\u00f3n de palets"}]},{"@type":"WebSite","@id":"https:\/\/paletscuerva.net\/#website","url":"https:\/\/paletscuerva.net\/","name":"Palets Cuerva","description":"Fabricaci\u00f3n, venta y restauraci\u00f3n de palets en Barcelona.","potentialAction":[{"@type":"SearchAction","target":{"@type":"EntryPoint","urlTemplate":"https:\/\/paletscuerva.net\/?s={search_term_string}"},"query-input":{"@type":"PropertyValueSpecification","valueRequired":true,"valueName":"search_term_string"}}],"inLanguage":"ca"},{"@type":"Person","@id":"https:\/\/paletscuerva.net\/#\/schema\/person\/a400f42ce98b8bd27dab60ceb4840c08","name":"cuervapalet","image":{"@type":"ImageObject","inLanguage":"ca","@id":"https:\/\/paletscuerva.net\/#\/schema\/person\/image\/","url":"https:\/\/secure.gravatar.com\/avatar\/ab10b60551e807f6b37d54bb09e40bc41b08e3828d46504634ad6f35da1b46dc?s=96&d=mm&r=g","contentUrl":"https:\/\/secure.gravatar.com\/avatar\/ab10b60551e807f6b37d54bb09e40bc41b08e3828d46504634ad6f35da1b46dc?s=96&d=mm&r=g","caption":"cuervapalet"},"sameAs":["https:\/\/paletscuerva.net"],"url":"https:\/\/paletscuerva.net\/ca\/author\/cuervapalet\/"}]}},"_links":{"self":[{"href":"https:\/\/paletscuerva.net\/ca\/wp-json\/wp\/v2\/posts\/1186","targetHints":{"allow":["GET"]}}],"collection":[{"href":"https:\/\/paletscuerva.net\/ca\/wp-json\/wp\/v2\/posts"}],"about":[{"href":"https:\/\/paletscuerva.net\/ca\/wp-json\/wp\/v2\/types\/post"}],"author":[{"embeddable":true,"href":"https:\/\/paletscuerva.net\/ca\/wp-json\/wp\/v2\/users\/1"}],"replies":[{"embeddable":true,"href":"https:\/\/paletscuerva.net\/ca\/wp-json\/wp\/v2\/comments?post=1186"}],"version-history":[{"count":1,"href":"https:\/\/paletscuerva.net\/ca\/wp-json\/wp\/v2\/posts\/1186\/revisions"}],"predecessor-version":[{"id":1191,"href":"https:\/\/paletscuerva.net\/ca\/wp-json\/wp\/v2\/posts\/1186\/revisions\/1191"}],"wp:featuredmedia":[{"embeddable":true,"href":"https:\/\/paletscuerva.net\/ca\/wp-json\/wp\/v2\/media\/1189"}],"wp:attachment":[{"href":"https:\/\/paletscuerva.net\/ca\/wp-json\/wp\/v2\/media?parent=1186"}],"wp:term":[{"taxonomy":"category","embeddable":true,"href":"https:\/\/paletscuerva.net\/ca\/wp-json\/wp\/v2\/categories?post=1186"},{"taxonomy":"post_tag","embeddable":true,"href":"https:\/\/paletscuerva.net\/ca\/wp-json\/wp\/v2\/tags?post=1186"}],"curies":[{"name":"wp","href":"https:\/\/api.w.org\/{rel}","templated":true}]}}