{"id":1476,"date":"2025-05-06T15:51:36","date_gmt":"2025-05-06T13:51:36","guid":{"rendered":"https:\/\/paletscuerva.net\/?p=1476"},"modified":"2025-05-28T17:47:58","modified_gmt":"2025-05-28T15:47:58","slug":"compra-venta-de-palets-el-ciclo-eficiente-del-embalaje-industrial","status":"publish","type":"post","link":"https:\/\/paletscuerva.net\/ca\/compra-venta-de-palets-el-ciclo-eficiente-del-embalaje-industrial\/","title":{"rendered":"Compra venta de palets: el ciclo eficiente del embalaje industrial"},"content":{"rendered":"<h2><b>Intercambio sostenible de palets de madera<\/b><\/h2>\n<p><span style=\"font-weight: 400;\">El mercado de la <\/span><a href=\"https:\/\/paletscuerva.net\/ca\/compra-y-venta-de-palets\/\"><b>compra venta de palets<\/b><\/a><span style=\"font-weight: 400;\"> representa una de las estrategias m\u00e1s sostenibles y eficientes dentro del sector log\u00edstico. Gracias a este modelo, miles de empresas pueden optimizar sus recursos reutilizando materiales que, de otro modo, terminar\u00edan como residuos. Este ciclo continuo permite alargar la vida \u00fatil de los palets de madera, reducir la demanda de materia prima y fomentar pr\u00e1cticas responsables en la gesti\u00f3n del embalaje industrial.<\/span><\/p>\n<p><span style=\"font-weight: 400;\">Adem\u00e1s, este sistema beneficia tanto a quienes venden palets usados \u2014porque liberan espacio y obtienen retorno econ\u00f3mico\u2014 como a quienes los compran \u2014porque acceden a soluciones de calidad a menor coste\u2014.<\/span><\/p>\n<p><img fetchpriority=\"high\" decoding=\"async\" class=\"wp-image-1160 size-full aligncenter\" src=\"https:\/\/paletscuerva.net\/wp-content\/uploads\/2024\/07\/reciclaje-palets-llinars.jpg\" alt=\"\" width=\"900\" height=\"600\" srcset=\"https:\/\/paletscuerva.net\/wp-content\/uploads\/2024\/07\/reciclaje-palets-llinars.jpg 900w, https:\/\/paletscuerva.net\/wp-content\/uploads\/2024\/07\/reciclaje-palets-llinars-300x200.jpg 300w, https:\/\/paletscuerva.net\/wp-content\/uploads\/2024\/07\/reciclaje-palets-llinars-768x512.jpg 768w, https:\/\/paletscuerva.net\/wp-content\/uploads\/2024\/07\/reciclaje-palets-llinars-18x12.jpg 18w\" sizes=\"(max-width: 900px) 100vw, 900px\" \/><\/p>\n<h2><b>Comercio responsable y econom\u00eda circular<\/b><\/h2>\n<p><span style=\"font-weight: 400;\">La reutilizaci\u00f3n es un pilar clave de la econom\u00eda circular, y la compra y venta de palets es un claro ejemplo de su aplicaci\u00f3n pr\u00e1ctica. Empresas especializadas como Palets Cuerva revisan, clasifican y reacondicionan los palets, asegurando que cumplan con est\u00e1ndares de resistencia y seguridad. Este proceso t\u00e9cnico no solo evita el desperdicio de materiales aprovechables, sino que tambi\u00e9n reduce la huella de carbono asociada a la producci\u00f3n de palets nuevos.<\/span><\/p>\n<p><span style=\"font-weight: 400;\">Con cada transacci\u00f3n, se fortalece un modelo comercial responsable que prioriza la eficiencia log\u00edstica sin comprometer el medio ambiente.<\/span><\/p>\n<p><img decoding=\"async\" class=\"aligncenter wp-image-936 size-large\" src=\"https:\/\/paletscuerva.net\/wp-content\/uploads\/2024\/02\/Reciclaje-de-palet-1-1024x724.png\" alt=\"\" width=\"1024\" height=\"724\" srcset=\"https:\/\/paletscuerva.net\/wp-content\/uploads\/2024\/02\/Reciclaje-de-palet-1-1024x724.png 1024w, https:\/\/paletscuerva.net\/wp-content\/uploads\/2024\/02\/Reciclaje-de-palet-1-300x212.png 300w, https:\/\/paletscuerva.net\/wp-content\/uploads\/2024\/02\/Reciclaje-de-palet-1-768x543.png 768w, https:\/\/paletscuerva.net\/wp-content\/uploads\/2024\/02\/Reciclaje-de-palet-1-18x12.png 18w, https:\/\/paletscuerva.net\/wp-content\/uploads\/2024\/02\/Reciclaje-de-palet-1.png 1500w\" sizes=\"(max-width: 1024px) 100vw, 1024px\" \/><\/p>\n<h2><b>Palets como activo log\u00edstico estrat\u00e9gico<\/b><\/h2>\n<p><span style=\"font-weight: 400;\">Tener acceso a un flujo constante de palets en buen estado es esencial para muchas industrias. A trav\u00e9s de la <\/span><a href=\"https:\/\/paletscuerva.net\/ca\/compra-y-venta-de-palets-barcelona\/\"><b>compra venta de palets<\/b><\/a><span style=\"font-weight: 400;\">, las empresas pueden responder mejor a picos de demanda, reducir costes log\u00edsticos y mejorar la gesti\u00f3n de inventario. Contar con proveedores fiables garantiza disponibilidad inmediata y cumplimiento normativo, lo que convierte este tipo de intercambio en una ventaja competitiva dentro del sector.<\/span><\/p>","protected":false},"excerpt":{"rendered":"<p>Intercambio sostenible de palets de madera El mercado de la compra venta de palets representa una de las estrategias m\u00e1s sostenibles y eficientes dentro del sector log\u00edstico. Gracias a este modelo, miles de empresas pueden optimizar sus recursos reutilizando materiales que, de otro modo, terminar\u00edan como residuos. Este ciclo continuo permite alargar la vida \u00fatil&hellip;&nbsp;<a href=\"https:\/\/paletscuerva.net\/ca\/compra-venta-de-palets-el-ciclo-eficiente-del-embalaje-industrial\/\" rel=\"bookmark\"><span class=\"screen-reader-text\">Compra venta de palets: el ciclo eficiente del embalaje industrial<\/span><\/a><\/p>","protected":false},"author":1,"featured_media":1188,"comment_status":"open","ping_status":"open","sticky":false,"template":"","format":"standard","meta":{"neve_meta_sidebar":"","neve_meta_container":"","neve_meta_enable_content_width":"off","neve_meta_content_width":70,"neve_meta_title_alignment":"","neve_meta_author_avatar":"","neve_post_elements_order":"","neve_meta_disable_header":"","neve_meta_disable_footer":"","neve_meta_disable_title":"","neve_meta_reading_time":"","footnotes":""},"categories":[40,42,10,17],"tags":[41],"class_list":["post-1476","post","type-post","status-publish","format-standard","has-post-thumbnail","hentry","category-compra-venta-de-palets","category-comprar-palets","category-empresa-de-palets","category-venta-de-palets","tag-compra-venta-palets"],"yoast_head":"<!-- This site is optimized with the Yoast SEO plugin v25.2 - https:\/\/yoast.com\/wordpress\/plugins\/seo\/ -->\n<title>Compra venta de palets: el ciclo eficiente del embalaje industrial - Palets Cuerva<\/title>\n<meta name=\"description\" content=\"Simplifica la log\u00edstica y almacenamiento de tu negocio con la compra-venta de palets. Opta por soluciones sostenibles, econ\u00f3micas y flexibles.\" \/>\n<meta name=\"robots\" content=\"index, follow, max-snippet:-1, max-image-preview:large, max-video-preview:-1\" \/>\n<link rel=\"canonical\" href=\"https:\/\/paletscuerva.net\/ca\/compra-venta-de-palets-el-ciclo-eficiente-del-embalaje-industrial\/\" \/>\n<meta property=\"og:locale\" content=\"ca_ES\" \/>\n<meta property=\"og:type\" content=\"article\" \/>\n<meta property=\"og:title\" content=\"Compra venta de palets: el ciclo eficiente del embalaje industrial - Palets Cuerva\" \/>\n<meta property=\"og:description\" content=\"Simplifica la log\u00edstica y almacenamiento de tu negocio con la compra-venta de palets. Opta por soluciones sostenibles, econ\u00f3micas y flexibles.\" \/>\n<meta property=\"og:url\" content=\"https:\/\/paletscuerva.net\/ca\/compra-venta-de-palets-el-ciclo-eficiente-del-embalaje-industrial\/\" \/>\n<meta property=\"og:site_name\" content=\"Palets Cuerva\" \/>\n<meta property=\"article:published_time\" content=\"2025-05-06T13:51:36+00:00\" \/>\n<meta property=\"article:modified_time\" content=\"2025-05-28T15:47:58+00:00\" \/>\n<meta property=\"og:image\" content=\"https:\/\/paletscuerva.net\/wp-content\/uploads\/2024\/07\/fabricacion-de-palets-en-Barcelona-1.jpg\" \/>\n\t<meta property=\"og:image:width\" content=\"900\" \/>\n\t<meta property=\"og:image:height\" content=\"600\" \/>\n\t<meta property=\"og:image:type\" content=\"image\/jpeg\" \/>\n<meta name=\"author\" content=\"cuervapalet\" \/>\n<meta name=\"twitter:card\" content=\"summary_large_image\" \/>\n<meta name=\"twitter:label1\" content=\"Escrit per\" \/>\n\t<meta name=\"twitter:data1\" content=\"cuervapalet\" \/>\n\t<meta name=\"twitter:label2\" content=\"Temps estimat de lectura\" \/>\n\t<meta name=\"twitter:data2\" content=\"2 minuts\" \/>\n<script type=\"application\/ld+json\" class=\"yoast-schema-graph\">{\"@context\":\"https:\/\/schema.org\",\"@graph\":[{\"@type\":\"WebPage\",\"@id\":\"https:\/\/paletscuerva.net\/compra-venta-de-palets-el-ciclo-eficiente-del-embalaje-industrial\/\",\"url\":\"https:\/\/paletscuerva.net\/compra-venta-de-palets-el-ciclo-eficiente-del-embalaje-industrial\/\",\"name\":\"Compra venta de palets: el ciclo eficiente del embalaje industrial - Palets Cuerva\",\"isPartOf\":{\"@id\":\"https:\/\/paletscuerva.net\/#website\"},\"primaryImageOfPage\":{\"@id\":\"https:\/\/paletscuerva.net\/compra-venta-de-palets-el-ciclo-eficiente-del-embalaje-industrial\/#primaryimage\"},\"image\":{\"@id\":\"https:\/\/paletscuerva.net\/compra-venta-de-palets-el-ciclo-eficiente-del-embalaje-industrial\/#primaryimage\"},\"thumbnailUrl\":\"https:\/\/paletscuerva.net\/wp-content\/uploads\/2024\/07\/fabricacion-de-palets-en-Barcelona-1.jpg\",\"datePublished\":\"2025-05-06T13:51:36+00:00\",\"dateModified\":\"2025-05-28T15:47:58+00:00\",\"author\":{\"@id\":\"https:\/\/paletscuerva.net\/#\/schema\/person\/a400f42ce98b8bd27dab60ceb4840c08\"},\"description\":\"Simplifica la log\u00edstica y almacenamiento de tu negocio con la compra-venta de palets. Opta por soluciones sostenibles, econ\u00f3micas y flexibles.\",\"breadcrumb\":{\"@id\":\"https:\/\/paletscuerva.net\/compra-venta-de-palets-el-ciclo-eficiente-del-embalaje-industrial\/#breadcrumb\"},\"inLanguage\":\"ca\",\"potentialAction\":[{\"@type\":\"ReadAction\",\"target\":[\"https:\/\/paletscuerva.net\/compra-venta-de-palets-el-ciclo-eficiente-del-embalaje-industrial\/\"]}]},{\"@type\":\"ImageObject\",\"inLanguage\":\"ca\",\"@id\":\"https:\/\/paletscuerva.net\/compra-venta-de-palets-el-ciclo-eficiente-del-embalaje-industrial\/#primaryimage\",\"url\":\"https:\/\/paletscuerva.net\/wp-content\/uploads\/2024\/07\/fabricacion-de-palets-en-Barcelona-1.jpg\",\"contentUrl\":\"https:\/\/paletscuerva.net\/wp-content\/uploads\/2024\/07\/fabricacion-de-palets-en-Barcelona-1.jpg\",\"width\":900,\"height\":600},{\"@type\":\"BreadcrumbList\",\"@id\":\"https:\/\/paletscuerva.net\/compra-venta-de-palets-el-ciclo-eficiente-del-embalaje-industrial\/#breadcrumb\",\"itemListElement\":[{\"@type\":\"ListItem\",\"position\":1,\"name\":\"Portada\",\"item\":\"https:\/\/paletscuerva.net\/\"},{\"@type\":\"ListItem\",\"position\":2,\"name\":\"Compra venta de palets: el ciclo eficiente del embalaje industrial\"}]},{\"@type\":\"WebSite\",\"@id\":\"https:\/\/paletscuerva.net\/#website\",\"url\":\"https:\/\/paletscuerva.net\/\",\"name\":\"Palets Cuerva\",\"description\":\"Fabricaci\u00f3n, venta y restauraci\u00f3n de palets en Barcelona.\",\"potentialAction\":[{\"@type\":\"SearchAction\",\"target\":{\"@type\":\"EntryPoint\",\"urlTemplate\":\"https:\/\/paletscuerva.net\/?s={search_term_string}\"},\"query-input\":{\"@type\":\"PropertyValueSpecification\",\"valueRequired\":true,\"valueName\":\"search_term_string\"}}],\"inLanguage\":\"ca\"},{\"@type\":\"Person\",\"@id\":\"https:\/\/paletscuerva.net\/#\/schema\/person\/a400f42ce98b8bd27dab60ceb4840c08\",\"name\":\"cuervapalet\",\"image\":{\"@type\":\"ImageObject\",\"inLanguage\":\"ca\",\"@id\":\"https:\/\/paletscuerva.net\/#\/schema\/person\/image\/\",\"url\":\"https:\/\/secure.gravatar.com\/avatar\/ab10b60551e807f6b37d54bb09e40bc41b08e3828d46504634ad6f35da1b46dc?s=96&d=mm&r=g\",\"contentUrl\":\"https:\/\/secure.gravatar.com\/avatar\/ab10b60551e807f6b37d54bb09e40bc41b08e3828d46504634ad6f35da1b46dc?s=96&d=mm&r=g\",\"caption\":\"cuervapalet\"},\"sameAs\":[\"https:\/\/paletscuerva.net\"],\"url\":\"https:\/\/paletscuerva.net\/ca\/author\/cuervapalet\/\"}]}<\/script>\n<!-- \/ Yoast SEO plugin. -->","yoast_head_json":{"title":"Compra venta de palets: el ciclo eficiente del embalaje industrial - Palets Cuerva","description":"Simplifica la log\u00edstica y almacenamiento de tu negocio con la compra-venta de palets. Opta por soluciones sostenibles, econ\u00f3micas y flexibles.","robots":{"index":"index","follow":"follow","max-snippet":"max-snippet:-1","max-image-preview":"max-image-preview:large","max-video-preview":"max-video-preview:-1"},"canonical":"https:\/\/paletscuerva.net\/ca\/compra-venta-de-palets-el-ciclo-eficiente-del-embalaje-industrial\/","og_locale":"ca_ES","og_type":"article","og_title":"Compra venta de palets: el ciclo eficiente del embalaje industrial - Palets Cuerva","og_description":"Simplifica la log\u00edstica y almacenamiento de tu negocio con la compra-venta de palets. Opta por soluciones sostenibles, econ\u00f3micas y flexibles.","og_url":"https:\/\/paletscuerva.net\/ca\/compra-venta-de-palets-el-ciclo-eficiente-del-embalaje-industrial\/","og_site_name":"Palets Cuerva","article_published_time":"2025-05-06T13:51:36+00:00","article_modified_time":"2025-05-28T15:47:58+00:00","og_image":[{"width":900,"height":600,"url":"https:\/\/paletscuerva.net\/wp-content\/uploads\/2024\/07\/fabricacion-de-palets-en-Barcelona-1.jpg","type":"image\/jpeg"}],"author":"cuervapalet","twitter_card":"summary_large_image","twitter_misc":{"Escrit per":"cuervapalet","Temps estimat de lectura":"2 minuts"},"schema":{"@context":"https:\/\/schema.org","@graph":[{"@type":"WebPage","@id":"https:\/\/paletscuerva.net\/compra-venta-de-palets-el-ciclo-eficiente-del-embalaje-industrial\/","url":"https:\/\/paletscuerva.net\/compra-venta-de-palets-el-ciclo-eficiente-del-embalaje-industrial\/","name":"Compra venta de palets: el ciclo eficiente del embalaje industrial - Palets Cuerva","isPartOf":{"@id":"https:\/\/paletscuerva.net\/#website"},"primaryImageOfPage":{"@id":"https:\/\/paletscuerva.net\/compra-venta-de-palets-el-ciclo-eficiente-del-embalaje-industrial\/#primaryimage"},"image":{"@id":"https:\/\/paletscuerva.net\/compra-venta-de-palets-el-ciclo-eficiente-del-embalaje-industrial\/#primaryimage"},"thumbnailUrl":"https:\/\/paletscuerva.net\/wp-content\/uploads\/2024\/07\/fabricacion-de-palets-en-Barcelona-1.jpg","datePublished":"2025-05-06T13:51:36+00:00","dateModified":"2025-05-28T15:47:58+00:00","author":{"@id":"https:\/\/paletscuerva.net\/#\/schema\/person\/a400f42ce98b8bd27dab60ceb4840c08"},"description":"Simplifica la log\u00edstica y almacenamiento de tu negocio con la compra-venta de palets. Opta por soluciones sostenibles, econ\u00f3micas y flexibles.","breadcrumb":{"@id":"https:\/\/paletscuerva.net\/compra-venta-de-palets-el-ciclo-eficiente-del-embalaje-industrial\/#breadcrumb"},"inLanguage":"ca","potentialAction":[{"@type":"ReadAction","target":["https:\/\/paletscuerva.net\/compra-venta-de-palets-el-ciclo-eficiente-del-embalaje-industrial\/"]}]},{"@type":"ImageObject","inLanguage":"ca","@id":"https:\/\/paletscuerva.net\/compra-venta-de-palets-el-ciclo-eficiente-del-embalaje-industrial\/#primaryimage","url":"https:\/\/paletscuerva.net\/wp-content\/uploads\/2024\/07\/fabricacion-de-palets-en-Barcelona-1.jpg","contentUrl":"https:\/\/paletscuerva.net\/wp-content\/uploads\/2024\/07\/fabricacion-de-palets-en-Barcelona-1.jpg","width":900,"height":600},{"@type":"BreadcrumbList","@id":"https:\/\/paletscuerva.net\/compra-venta-de-palets-el-ciclo-eficiente-del-embalaje-industrial\/#breadcrumb","itemListElement":[{"@type":"ListItem","position":1,"name":"Portada","item":"https:\/\/paletscuerva.net\/"},{"@type":"ListItem","position":2,"name":"Compra venta de palets: el ciclo eficiente del embalaje industrial"}]},{"@type":"WebSite","@id":"https:\/\/paletscuerva.net\/#website","url":"https:\/\/paletscuerva.net\/","name":"Palets Cuerva","description":"Fabricaci\u00f3n, venta y restauraci\u00f3n de palets en Barcelona.","potentialAction":[{"@type":"SearchAction","target":{"@type":"EntryPoint","urlTemplate":"https:\/\/paletscuerva.net\/?s={search_term_string}"},"query-input":{"@type":"PropertyValueSpecification","valueRequired":true,"valueName":"search_term_string"}}],"inLanguage":"ca"},{"@type":"Person","@id":"https:\/\/paletscuerva.net\/#\/schema\/person\/a400f42ce98b8bd27dab60ceb4840c08","name":"cuervapalet","image":{"@type":"ImageObject","inLanguage":"ca","@id":"https:\/\/paletscuerva.net\/#\/schema\/person\/image\/","url":"https:\/\/secure.gravatar.com\/avatar\/ab10b60551e807f6b37d54bb09e40bc41b08e3828d46504634ad6f35da1b46dc?s=96&d=mm&r=g","contentUrl":"https:\/\/secure.gravatar.com\/avatar\/ab10b60551e807f6b37d54bb09e40bc41b08e3828d46504634ad6f35da1b46dc?s=96&d=mm&r=g","caption":"cuervapalet"},"sameAs":["https:\/\/paletscuerva.net"],"url":"https:\/\/paletscuerva.net\/ca\/author\/cuervapalet\/"}]}},"_links":{"self":[{"href":"https:\/\/paletscuerva.net\/ca\/wp-json\/wp\/v2\/posts\/1476","targetHints":{"allow":["GET"]}}],"collection":[{"href":"https:\/\/paletscuerva.net\/ca\/wp-json\/wp\/v2\/posts"}],"about":[{"href":"https:\/\/paletscuerva.net\/ca\/wp-json\/wp\/v2\/types\/post"}],"author":[{"embeddable":true,"href":"https:\/\/paletscuerva.net\/ca\/wp-json\/wp\/v2\/users\/1"}],"replies":[{"embeddable":true,"href":"https:\/\/paletscuerva.net\/ca\/wp-json\/wp\/v2\/comments?post=1476"}],"version-history":[{"count":3,"href":"https:\/\/paletscuerva.net\/ca\/wp-json\/wp\/v2\/posts\/1476\/revisions"}],"predecessor-version":[{"id":1503,"href":"https:\/\/paletscuerva.net\/ca\/wp-json\/wp\/v2\/posts\/1476\/revisions\/1503"}],"wp:featuredmedia":[{"embeddable":true,"href":"https:\/\/paletscuerva.net\/ca\/wp-json\/wp\/v2\/media\/1188"}],"wp:attachment":[{"href":"https:\/\/paletscuerva.net\/ca\/wp-json\/wp\/v2\/media?parent=1476"}],"wp:term":[{"taxonomy":"category","embeddable":true,"href":"https:\/\/paletscuerva.net\/ca\/wp-json\/wp\/v2\/categories?post=1476"},{"taxonomy":"post_tag","embeddable":true,"href":"https:\/\/paletscuerva.net\/ca\/wp-json\/wp\/v2\/tags?post=1476"}],"curies":[{"name":"wp","href":"https:\/\/api.w.org\/{rel}","templated":true}]}}