{"id":1486,"date":"2025-06-27T17:00:55","date_gmt":"2025-06-27T15:00:55","guid":{"rendered":"https:\/\/paletscuerva.net\/?p=1486"},"modified":"2025-06-06T12:33:04","modified_gmt":"2025-06-06T10:33:04","slug":"reciclaje-de-palets-clave-para-una-logistica-mas-sostenible","status":"publish","type":"post","link":"https:\/\/paletscuerva.net\/ca\/reciclaje-de-palets-clave-para-una-logistica-mas-sostenible\/","title":{"rendered":"Reciclaje de palets: clave para una log\u00edstica m\u00e1s sostenible"},"content":{"rendered":"<h2 class=\"\" data-start=\"175\" data-end=\"228\">Reutilizaci\u00f3n eficiente en la cadena de suministro<\/h2>\n<p class=\"\" data-start=\"230\" data-end=\"733\">El <a href=\"https:\/\/paletscuerva.net\/ca\/reciclaje-de-palets-granollers\/\"><strong data-start=\"233\" data-end=\"256\">reciclaje de palets<\/strong><\/a> es una pr\u00e1ctica cada vez m\u00e1s adoptada por empresas comprometidas con la sostenibilidad y la eficiencia operativa. Reutilizar estructuras de madera que a\u00fan conservan su integridad permite reducir el desperdicio, disminuir la demanda de nuevos recursos y alargar la vida \u00fatil de materiales que de otro modo terminar\u00edan como residuos. Esta estrategia se alinea perfectamente con los principios de la econom\u00eda circular, impulsando un modelo m\u00e1s consciente de producci\u00f3n y consumo.<\/p>\n<p class=\"\" data-start=\"735\" data-end=\"942\">Adem\u00e1s, el reciclaje no compromete la calidad: los palets reacondicionados son inspeccionados, reparados y clasificados para ofrecer garant\u00edas de seguridad y resistencia equivalentes a las de un palet nuevo.<\/p>\n<p><img fetchpriority=\"high\" decoding=\"async\" class=\"aligncenter wp-image-1208 size-large\" src=\"https:\/\/paletscuerva.net\/wp-content\/uploads\/2024\/09\/Palets-en-Granollers-1024x724.jpg\" alt=\"\" width=\"1024\" height=\"724\" srcset=\"https:\/\/paletscuerva.net\/wp-content\/uploads\/2024\/09\/Palets-en-Granollers-1024x724.jpg 1024w, https:\/\/paletscuerva.net\/wp-content\/uploads\/2024\/09\/Palets-en-Granollers-300x212.jpg 300w, https:\/\/paletscuerva.net\/wp-content\/uploads\/2024\/09\/Palets-en-Granollers-768x543.jpg 768w, https:\/\/paletscuerva.net\/wp-content\/uploads\/2024\/09\/Palets-en-Granollers-1536x1086.jpg 1536w, https:\/\/paletscuerva.net\/wp-content\/uploads\/2024\/09\/Palets-en-Granollers-18x12.jpg 18w, https:\/\/paletscuerva.net\/wp-content\/uploads\/2024\/09\/Palets-en-Granollers.jpg 2000w\" sizes=\"(max-width: 1024px) 100vw, 1024px\" \/><\/p>\n<h2 class=\"\" data-start=\"944\" data-end=\"1000\">Beneficios ambientales y econ\u00f3micos para las empresas<\/h2>\n<p class=\"\" data-start=\"1002\" data-end=\"1434\">Apostar por el <strong data-start=\"1017\" data-end=\"1040\">reciclaje de palets<\/strong> no solo tiene un impacto ambiental positivo, sino que tambi\u00e9n permite optimizar costes log\u00edsticos. Las empresas pueden acceder a embalajes de calidad a un precio m\u00e1s competitivo, al mismo tiempo que reducen su huella ecol\u00f3gica. Este equilibrio entre sostenibilidad y rentabilidad convierte al palet reciclado en una opci\u00f3n ideal para industrias como la alimentaria, la log\u00edstica o la agr\u00edcola.<\/p>\n<p class=\"\" data-start=\"1436\" data-end=\"1669\">Adem\u00e1s, colaborar con empresas especializadas en reciclaje permite una correcta gesti\u00f3n de residuos de madera y asegura el cumplimiento de normativas vigentes como la certificaci\u00f3n NIMF-15, necesaria en exportaciones internacionales.<\/p>\n<p><img decoding=\"async\" class=\"aligncenter wp-image-1216 size-large\" src=\"https:\/\/paletscuerva.net\/wp-content\/uploads\/2024\/09\/Venta-de-Palets-1024x724.jpg\" alt=\"\" width=\"1024\" height=\"724\" srcset=\"https:\/\/paletscuerva.net\/wp-content\/uploads\/2024\/09\/Venta-de-Palets-1024x724.jpg 1024w, https:\/\/paletscuerva.net\/wp-content\/uploads\/2024\/09\/Venta-de-Palets-300x212.jpg 300w, https:\/\/paletscuerva.net\/wp-content\/uploads\/2024\/09\/Venta-de-Palets-768x543.jpg 768w, https:\/\/paletscuerva.net\/wp-content\/uploads\/2024\/09\/Venta-de-Palets-1536x1086.jpg 1536w, https:\/\/paletscuerva.net\/wp-content\/uploads\/2024\/09\/Venta-de-Palets-18x12.jpg 18w, https:\/\/paletscuerva.net\/wp-content\/uploads\/2024\/09\/Venta-de-Palets.jpg 2000w\" sizes=\"(max-width: 1024px) 100vw, 1024px\" \/><\/p>\n<h2 class=\"\" data-start=\"1671\" data-end=\"1708\">Un paso hacia la econom\u00eda circular<\/h2>\n<p class=\"\" data-start=\"1710\" data-end=\"2093\">El <strong data-start=\"1713\" data-end=\"1736\">reciclaje de palets<\/strong> es m\u00e1s que una soluci\u00f3n operativa: es un compromiso con el futuro. En lugar de desechar palets da\u00f1ados, las empresas pueden devolverlos al ciclo productivo mediante procesos de recuperaci\u00f3n. Esto no solo reduce el volumen de residuos en vertederos, sino que tambi\u00e9n disminuye la presi\u00f3n sobre los bosques y promueve una cultura empresarial m\u00e1s responsable.<\/p>\n<p class=\"\" data-start=\"2095\" data-end=\"2303\">Integrar palets reciclados en la cadena de suministro es una decisi\u00f3n estrat\u00e9gica que mejora la eficiencia, reduce el impacto ambiental y refuerza la imagen corporativa ante clientes cada vez m\u00e1s conscientes.<\/p>","protected":false},"excerpt":{"rendered":"<p>Reutilizaci\u00f3n eficiente en la cadena de suministro El reciclaje de palets es una pr\u00e1ctica cada vez m\u00e1s adoptada por empresas comprometidas con la sostenibilidad y la eficiencia operativa. Reutilizar estructuras de madera que a\u00fan conservan su integridad permite reducir el desperdicio, disminuir la demanda de nuevos recursos y alargar la vida \u00fatil de materiales que&hellip;&nbsp;<a href=\"https:\/\/paletscuerva.net\/ca\/reciclaje-de-palets-clave-para-una-logistica-mas-sostenible\/\" rel=\"bookmark\"><span class=\"screen-reader-text\">Reciclaje de palets: clave para una log\u00edstica m\u00e1s sostenible<\/span><\/a><\/p>","protected":false},"author":1,"featured_media":167,"comment_status":"closed","ping_status":"closed","sticky":false,"template":"","format":"standard","meta":{"neve_meta_sidebar":"","neve_meta_container":"","neve_meta_enable_content_width":"off","neve_meta_content_width":70,"neve_meta_title_alignment":"","neve_meta_author_avatar":"","neve_post_elements_order":"","neve_meta_disable_header":"","neve_meta_disable_footer":"","neve_meta_disable_title":"","neve_meta_reading_time":"","footnotes":""},"categories":[40,42,10],"tags":[41],"class_list":["post-1486","post","type-post","status-publish","format-standard","has-post-thumbnail","hentry","category-compra-venta-de-palets","category-comprar-palets","category-empresa-de-palets","tag-compra-venta-palets"],"yoast_head":"<!-- This site is optimized with the Yoast SEO plugin v25.2 - https:\/\/yoast.com\/wordpress\/plugins\/seo\/ -->\n<title>Reciclaje de palets: clave para una log\u00edstica m\u00e1s sostenible - Palets Cuerva<\/title>\n<meta name=\"description\" content=\"Simplifica la log\u00edstica y almacenamiento de tu negocio con la compra-venta de palets. Opta por soluciones sostenibles, econ\u00f3micas y flexibles.\" \/>\n<meta name=\"robots\" content=\"index, follow, max-snippet:-1, max-image-preview:large, max-video-preview:-1\" \/>\n<link rel=\"canonical\" href=\"https:\/\/paletscuerva.net\/ca\/reciclaje-de-palets-clave-para-una-logistica-mas-sostenible\/\" \/>\n<meta property=\"og:locale\" content=\"ca_ES\" \/>\n<meta property=\"og:type\" content=\"article\" \/>\n<meta property=\"og:title\" content=\"Reciclaje de palets: clave para una log\u00edstica m\u00e1s sostenible - Palets Cuerva\" \/>\n<meta property=\"og:description\" content=\"Simplifica la log\u00edstica y almacenamiento de tu negocio con la compra-venta de palets. Opta por soluciones sostenibles, econ\u00f3micas y flexibles.\" \/>\n<meta property=\"og:url\" content=\"https:\/\/paletscuerva.net\/ca\/reciclaje-de-palets-clave-para-una-logistica-mas-sostenible\/\" \/>\n<meta property=\"og:site_name\" content=\"Palets Cuerva\" \/>\n<meta property=\"article:published_time\" content=\"2025-06-27T15:00:55+00:00\" \/>\n<meta property=\"og:image\" content=\"https:\/\/paletscuerva.net\/wp-content\/uploads\/2023\/05\/IMG_8688-scaled.jpg\" \/>\n\t<meta property=\"og:image:width\" content=\"2560\" \/>\n\t<meta property=\"og:image:height\" content=\"1707\" \/>\n\t<meta property=\"og:image:type\" content=\"image\/jpeg\" \/>\n<meta name=\"author\" content=\"cuervapalet\" \/>\n<meta name=\"twitter:card\" content=\"summary_large_image\" \/>\n<meta name=\"twitter:label1\" content=\"Escrit per\" \/>\n\t<meta name=\"twitter:data1\" content=\"cuervapalet\" \/>\n\t<meta name=\"twitter:label2\" content=\"Temps estimat de lectura\" \/>\n\t<meta name=\"twitter:data2\" content=\"3 minuts\" \/>\n<script type=\"application\/ld+json\" class=\"yoast-schema-graph\">{\"@context\":\"https:\/\/schema.org\",\"@graph\":[{\"@type\":\"WebPage\",\"@id\":\"https:\/\/paletscuerva.net\/reciclaje-de-palets-clave-para-una-logistica-mas-sostenible\/\",\"url\":\"https:\/\/paletscuerva.net\/reciclaje-de-palets-clave-para-una-logistica-mas-sostenible\/\",\"name\":\"Reciclaje de palets: clave para una log\u00edstica m\u00e1s sostenible - Palets Cuerva\",\"isPartOf\":{\"@id\":\"https:\/\/paletscuerva.net\/#website\"},\"primaryImageOfPage\":{\"@id\":\"https:\/\/paletscuerva.net\/reciclaje-de-palets-clave-para-una-logistica-mas-sostenible\/#primaryimage\"},\"image\":{\"@id\":\"https:\/\/paletscuerva.net\/reciclaje-de-palets-clave-para-una-logistica-mas-sostenible\/#primaryimage\"},\"thumbnailUrl\":\"https:\/\/paletscuerva.net\/wp-content\/uploads\/2023\/05\/IMG_8688-scaled.jpg\",\"datePublished\":\"2025-06-27T15:00:55+00:00\",\"author\":{\"@id\":\"https:\/\/paletscuerva.net\/#\/schema\/person\/a400f42ce98b8bd27dab60ceb4840c08\"},\"description\":\"Simplifica la log\u00edstica y almacenamiento de tu negocio con la compra-venta de palets. Opta por soluciones sostenibles, econ\u00f3micas y flexibles.\",\"breadcrumb\":{\"@id\":\"https:\/\/paletscuerva.net\/reciclaje-de-palets-clave-para-una-logistica-mas-sostenible\/#breadcrumb\"},\"inLanguage\":\"ca\",\"potentialAction\":[{\"@type\":\"ReadAction\",\"target\":[\"https:\/\/paletscuerva.net\/reciclaje-de-palets-clave-para-una-logistica-mas-sostenible\/\"]}]},{\"@type\":\"ImageObject\",\"inLanguage\":\"ca\",\"@id\":\"https:\/\/paletscuerva.net\/reciclaje-de-palets-clave-para-una-logistica-mas-sostenible\/#primaryimage\",\"url\":\"https:\/\/paletscuerva.net\/wp-content\/uploads\/2023\/05\/IMG_8688-scaled.jpg\",\"contentUrl\":\"https:\/\/paletscuerva.net\/wp-content\/uploads\/2023\/05\/IMG_8688-scaled.jpg\",\"width\":2560,\"height\":1707,\"caption\":\"Distribuci\u00f3n Palets\"},{\"@type\":\"BreadcrumbList\",\"@id\":\"https:\/\/paletscuerva.net\/reciclaje-de-palets-clave-para-una-logistica-mas-sostenible\/#breadcrumb\",\"itemListElement\":[{\"@type\":\"ListItem\",\"position\":1,\"name\":\"Portada\",\"item\":\"https:\/\/paletscuerva.net\/\"},{\"@type\":\"ListItem\",\"position\":2,\"name\":\"Reciclaje de palets: clave para una log\u00edstica m\u00e1s sostenible\"}]},{\"@type\":\"WebSite\",\"@id\":\"https:\/\/paletscuerva.net\/#website\",\"url\":\"https:\/\/paletscuerva.net\/\",\"name\":\"Palets Cuerva\",\"description\":\"Fabricaci\u00f3n, venta y restauraci\u00f3n de palets en Barcelona.\",\"potentialAction\":[{\"@type\":\"SearchAction\",\"target\":{\"@type\":\"EntryPoint\",\"urlTemplate\":\"https:\/\/paletscuerva.net\/?s={search_term_string}\"},\"query-input\":{\"@type\":\"PropertyValueSpecification\",\"valueRequired\":true,\"valueName\":\"search_term_string\"}}],\"inLanguage\":\"ca\"},{\"@type\":\"Person\",\"@id\":\"https:\/\/paletscuerva.net\/#\/schema\/person\/a400f42ce98b8bd27dab60ceb4840c08\",\"name\":\"cuervapalet\",\"image\":{\"@type\":\"ImageObject\",\"inLanguage\":\"ca\",\"@id\":\"https:\/\/paletscuerva.net\/#\/schema\/person\/image\/\",\"url\":\"https:\/\/secure.gravatar.com\/avatar\/ab10b60551e807f6b37d54bb09e40bc41b08e3828d46504634ad6f35da1b46dc?s=96&d=mm&r=g\",\"contentUrl\":\"https:\/\/secure.gravatar.com\/avatar\/ab10b60551e807f6b37d54bb09e40bc41b08e3828d46504634ad6f35da1b46dc?s=96&d=mm&r=g\",\"caption\":\"cuervapalet\"},\"sameAs\":[\"https:\/\/paletscuerva.net\"],\"url\":\"https:\/\/paletscuerva.net\/ca\/author\/cuervapalet\/\"}]}<\/script>\n<!-- \/ Yoast SEO plugin. -->","yoast_head_json":{"title":"Reciclaje de palets: clave para una log\u00edstica m\u00e1s sostenible - Palets Cuerva","description":"Simplifica la log\u00edstica y almacenamiento de tu negocio con la compra-venta de palets. Opta por soluciones sostenibles, econ\u00f3micas y flexibles.","robots":{"index":"index","follow":"follow","max-snippet":"max-snippet:-1","max-image-preview":"max-image-preview:large","max-video-preview":"max-video-preview:-1"},"canonical":"https:\/\/paletscuerva.net\/ca\/reciclaje-de-palets-clave-para-una-logistica-mas-sostenible\/","og_locale":"ca_ES","og_type":"article","og_title":"Reciclaje de palets: clave para una log\u00edstica m\u00e1s sostenible - Palets Cuerva","og_description":"Simplifica la log\u00edstica y almacenamiento de tu negocio con la compra-venta de palets. Opta por soluciones sostenibles, econ\u00f3micas y flexibles.","og_url":"https:\/\/paletscuerva.net\/ca\/reciclaje-de-palets-clave-para-una-logistica-mas-sostenible\/","og_site_name":"Palets Cuerva","article_published_time":"2025-06-27T15:00:55+00:00","og_image":[{"width":2560,"height":1707,"url":"https:\/\/paletscuerva.net\/wp-content\/uploads\/2023\/05\/IMG_8688-scaled.jpg","type":"image\/jpeg"}],"author":"cuervapalet","twitter_card":"summary_large_image","twitter_misc":{"Escrit per":"cuervapalet","Temps estimat de lectura":"3 minuts"},"schema":{"@context":"https:\/\/schema.org","@graph":[{"@type":"WebPage","@id":"https:\/\/paletscuerva.net\/reciclaje-de-palets-clave-para-una-logistica-mas-sostenible\/","url":"https:\/\/paletscuerva.net\/reciclaje-de-palets-clave-para-una-logistica-mas-sostenible\/","name":"Reciclaje de palets: clave para una log\u00edstica m\u00e1s sostenible - Palets Cuerva","isPartOf":{"@id":"https:\/\/paletscuerva.net\/#website"},"primaryImageOfPage":{"@id":"https:\/\/paletscuerva.net\/reciclaje-de-palets-clave-para-una-logistica-mas-sostenible\/#primaryimage"},"image":{"@id":"https:\/\/paletscuerva.net\/reciclaje-de-palets-clave-para-una-logistica-mas-sostenible\/#primaryimage"},"thumbnailUrl":"https:\/\/paletscuerva.net\/wp-content\/uploads\/2023\/05\/IMG_8688-scaled.jpg","datePublished":"2025-06-27T15:00:55+00:00","author":{"@id":"https:\/\/paletscuerva.net\/#\/schema\/person\/a400f42ce98b8bd27dab60ceb4840c08"},"description":"Simplifica la log\u00edstica y almacenamiento de tu negocio con la compra-venta de palets. Opta por soluciones sostenibles, econ\u00f3micas y flexibles.","breadcrumb":{"@id":"https:\/\/paletscuerva.net\/reciclaje-de-palets-clave-para-una-logistica-mas-sostenible\/#breadcrumb"},"inLanguage":"ca","potentialAction":[{"@type":"ReadAction","target":["https:\/\/paletscuerva.net\/reciclaje-de-palets-clave-para-una-logistica-mas-sostenible\/"]}]},{"@type":"ImageObject","inLanguage":"ca","@id":"https:\/\/paletscuerva.net\/reciclaje-de-palets-clave-para-una-logistica-mas-sostenible\/#primaryimage","url":"https:\/\/paletscuerva.net\/wp-content\/uploads\/2023\/05\/IMG_8688-scaled.jpg","contentUrl":"https:\/\/paletscuerva.net\/wp-content\/uploads\/2023\/05\/IMG_8688-scaled.jpg","width":2560,"height":1707,"caption":"Distribuci\u00f3n Palets"},{"@type":"BreadcrumbList","@id":"https:\/\/paletscuerva.net\/reciclaje-de-palets-clave-para-una-logistica-mas-sostenible\/#breadcrumb","itemListElement":[{"@type":"ListItem","position":1,"name":"Portada","item":"https:\/\/paletscuerva.net\/"},{"@type":"ListItem","position":2,"name":"Reciclaje de palets: clave para una log\u00edstica m\u00e1s sostenible"}]},{"@type":"WebSite","@id":"https:\/\/paletscuerva.net\/#website","url":"https:\/\/paletscuerva.net\/","name":"Palets Cuerva","description":"Fabricaci\u00f3n, venta y restauraci\u00f3n de palets en Barcelona.","potentialAction":[{"@type":"SearchAction","target":{"@type":"EntryPoint","urlTemplate":"https:\/\/paletscuerva.net\/?s={search_term_string}"},"query-input":{"@type":"PropertyValueSpecification","valueRequired":true,"valueName":"search_term_string"}}],"inLanguage":"ca"},{"@type":"Person","@id":"https:\/\/paletscuerva.net\/#\/schema\/person\/a400f42ce98b8bd27dab60ceb4840c08","name":"cuervapalet","image":{"@type":"ImageObject","inLanguage":"ca","@id":"https:\/\/paletscuerva.net\/#\/schema\/person\/image\/","url":"https:\/\/secure.gravatar.com\/avatar\/ab10b60551e807f6b37d54bb09e40bc41b08e3828d46504634ad6f35da1b46dc?s=96&d=mm&r=g","contentUrl":"https:\/\/secure.gravatar.com\/avatar\/ab10b60551e807f6b37d54bb09e40bc41b08e3828d46504634ad6f35da1b46dc?s=96&d=mm&r=g","caption":"cuervapalet"},"sameAs":["https:\/\/paletscuerva.net"],"url":"https:\/\/paletscuerva.net\/ca\/author\/cuervapalet\/"}]}},"_links":{"self":[{"href":"https:\/\/paletscuerva.net\/ca\/wp-json\/wp\/v2\/posts\/1486","targetHints":{"allow":["GET"]}}],"collection":[{"href":"https:\/\/paletscuerva.net\/ca\/wp-json\/wp\/v2\/posts"}],"about":[{"href":"https:\/\/paletscuerva.net\/ca\/wp-json\/wp\/v2\/types\/post"}],"author":[{"embeddable":true,"href":"https:\/\/paletscuerva.net\/ca\/wp-json\/wp\/v2\/users\/1"}],"replies":[{"embeddable":true,"href":"https:\/\/paletscuerva.net\/ca\/wp-json\/wp\/v2\/comments?post=1486"}],"version-history":[{"count":3,"href":"https:\/\/paletscuerva.net\/ca\/wp-json\/wp\/v2\/posts\/1486\/revisions"}],"predecessor-version":[{"id":1508,"href":"https:\/\/paletscuerva.net\/ca\/wp-json\/wp\/v2\/posts\/1486\/revisions\/1508"}],"wp:featuredmedia":[{"embeddable":true,"href":"https:\/\/paletscuerva.net\/ca\/wp-json\/wp\/v2\/media\/167"}],"wp:attachment":[{"href":"https:\/\/paletscuerva.net\/ca\/wp-json\/wp\/v2\/media?parent=1486"}],"wp:term":[{"taxonomy":"category","embeddable":true,"href":"https:\/\/paletscuerva.net\/ca\/wp-json\/wp\/v2\/categories?post=1486"},{"taxonomy":"post_tag","embeddable":true,"href":"https:\/\/paletscuerva.net\/ca\/wp-json\/wp\/v2\/tags?post=1486"}],"curies":[{"name":"wp","href":"https:\/\/api.w.org\/{rel}","templated":true}]}}